{"id":1493,"date":"2012-05-31T18:00:00","date_gmt":"2012-05-31T16:00:00","guid":{"rendered":"http:\/\/blog.pierreeliedepibrac.com\/?p=1493"},"modified":"2012-05-31T18:00:25","modified_gmt":"2012-05-31T16:00:25","slug":"rencontre-avec-win-delvoy-grace-a-duvel","status":"publish","type":"post","link":"http:\/\/blog.pierreeliedepibrac.com\/?p=1493","title":{"rendered":"Rencontre avec Wim Delvoye gr\u00e2ce \u00e0 Duvel"},"content":{"rendered":"<p>Hier j&rsquo;ai \u00e9t\u00e9 invit\u00e9 au vernissage de l&rsquo;exposition de <a href=\"http:\/\/www.wimdelvoye.be\/\"><strong>Wim Delvoye<\/strong> <\/a>au <strong>Louvre<\/strong> par notre partenaire commun <strong>DUVEL<\/strong>.<\/p>\n<p>Exposition \u00e0 voir absolument!!!<\/p>\n<p><a href=\"http:\/\/blog.pierreeliedepibrac.com\/wp-content\/uploads\/2012\/05\/Min-DSCF0043-14_2.jpg\"><img loading=\"lazy\" decoding=\"async\" class=\"aligncenter size-full wp-image-1494\" title=\"Min DSCF0043-14_2\" src=\"http:\/\/blog.pierreeliedepibrac.com\/wp-content\/uploads\/2012\/05\/Min-DSCF0043-14_2.jpg\" alt=\"\" width=\"700\" height=\"465\" srcset=\"http:\/\/blog.pierreeliedepibrac.com\/wp-content\/uploads\/2012\/05\/Min-DSCF0043-14_2.jpg 700w, http:\/\/blog.pierreeliedepibrac.com\/wp-content\/uploads\/2012\/05\/Min-DSCF0043-14_2-300x199.jpg 300w\" sizes=\"(max-width: 700px) 100vw, 700px\" \/><\/a><\/p>\n<p><a href=\"http:\/\/www.pierreeliedepibrac.com\"><strong>www.pierreeliedepibrac.com<\/strong><\/a><\/p>\n<p><strong>Facebook<\/strong> : <a href=\"http:\/\/www.facebook.com\/depibracphotography\"><strong>Je Like!<\/strong><\/a><\/p>\n","protected":false},"excerpt":{"rendered":"<p>Hier j&rsquo;ai \u00e9t\u00e9 invit\u00e9 au vernissage de l&rsquo;exposition de Wim Delvoye au Louvre par notre partenaire commun DUVEL. Exposition \u00e0 voir absolument!!! www.pierreeliedepibrac.com Facebook : Je Like!<\/p>\n","protected":false},"author":1,"featured_media":0,"comment_status":"open","ping_status":"open","sticky":false,"template":"","format":"standard","meta":{"footnotes":""},"categories":[59,47],"tags":[125,499,124,7,96,498],"_links":{"self":[{"href":"http:\/\/blog.pierreeliedepibrac.com\/index.php?rest_route=\/wp\/v2\/posts\/1493"}],"collection":[{"href":"http:\/\/blog.pierreeliedepibrac.com\/index.php?rest_route=\/wp\/v2\/posts"}],"about":[{"href":"http:\/\/blog.pierreeliedepibrac.com\/index.php?rest_route=\/wp\/v2\/types\/post"}],"author":[{"embeddable":true,"href":"http:\/\/blog.pierreeliedepibrac.com\/index.php?rest_route=\/wp\/v2\/users\/1"}],"replies":[{"embeddable":true,"href":"http:\/\/blog.pierreeliedepibrac.com\/index.php?rest_route=%2Fwp%2Fv2%2Fcomments&post=1493"}],"version-history":[{"count":3,"href":"http:\/\/blog.pierreeliedepibrac.com\/index.php?rest_route=\/wp\/v2\/posts\/1493\/revisions"}],"predecessor-version":[{"id":1497,"href":"http:\/\/blog.pierreeliedepibrac.com\/index.php?rest_route=\/wp\/v2\/posts\/1493\/revisions\/1497"}],"wp:attachment":[{"href":"http:\/\/blog.pierreeliedepibrac.com\/index.php?rest_route=%2Fwp%2Fv2%2Fmedia&parent=1493"}],"wp:term":[{"taxonomy":"category","embeddable":true,"href":"http:\/\/blog.pierreeliedepibrac.com\/index.php?rest_route=%2Fwp%2Fv2%2Fcategories&post=1493"},{"taxonomy":"post_tag","embeddable":true,"href":"http:\/\/blog.pierreeliedepibrac.com\/index.php?rest_route=%2Fwp%2Fv2%2Ftags&post=1493"}],"curies":[{"name":"wp","href":"https:\/\/api.w.org\/{rel}","templated":true}]}}