{"id":2729,"date":"2015-01-19T22:41:06","date_gmt":"2015-01-19T20:41:06","guid":{"rendered":"http:\/\/blog.pierreeliedepibrac.com\/?p=2729"},"modified":"2015-01-19T22:41:06","modified_gmt":"2015-01-19T20:41:06","slug":"video-exposition-in-situ-dans-les-coulisses-de-lopera-de-paris","status":"publish","type":"post","link":"http:\/\/blog.pierreeliedepibrac.com\/?p=2729","title":{"rendered":"Vid\u00e9o Exposition In Situ &#8211; Dans les coulisses de l&rsquo;Op\u00e9ra de Paris"},"content":{"rendered":"<p>Vid\u00e9o de l&rsquo;exposition <strong>In Situ &#8211; Dans les coulisses de l&rsquo;Op\u00e9ra de Paris.<\/strong><br \/>\nExposition qui a eu lieu \u00e0 la Galerie Cl\u00e9mentine de la F\u00e9ronni\u00e8re.<br \/>\nPour en savoir plus : <a href=\"http:\/\/www.pierreeliedepibrac.com\"><strong>www.pierreeliedepibrac.com <\/strong><\/a><\/p>\n<p><iframe loading=\"lazy\" width=\"500\" height=\"281\" src=\"https:\/\/www.youtube.com\/embed\/BrgpFxL2ATo?feature=oembed\" frameborder=\"0\" allowfullscreen><\/iframe><\/p>\n<p><a href=\"http:\/\/www.pierreeliedepibrac.com\"><strong>www.pierreeliedepibrac.com<\/strong><\/a><\/p>\n<p><strong>Facebook : <a href=\"http:\/\/www.facebook.com\/depibracphotography\">Je Like!<\/a><\/strong><\/p>\n<p><strong>Instagram : <a href=\"http:\/\/instagram.com\/depibrac\">I Follow!<\/a><\/strong><\/p>\n","protected":false},"excerpt":{"rendered":"<p>Vid\u00e9o de l&rsquo;exposition In Situ &#8211; Dans les coulisses de l&rsquo;Op\u00e9ra de Paris. Exposition qui a eu lieu \u00e0 la Galerie Cl\u00e9mentine de la F\u00e9ronni\u00e8re. Pour en savoir plus : www.pierreeliedepibrac.com www.pierreeliedepibrac.com Facebook : Je Like! Instagram : I Follow!<\/p>\n","protected":false},"author":1,"featured_media":0,"comment_status":"open","ping_status":"open","sticky":false,"template":"","format":"standard","meta":{"footnotes":""},"categories":[59,2,47],"tags":[546,125,868,771,852,749,9,7,96],"_links":{"self":[{"href":"http:\/\/blog.pierreeliedepibrac.com\/index.php?rest_route=\/wp\/v2\/posts\/2729"}],"collection":[{"href":"http:\/\/blog.pierreeliedepibrac.com\/index.php?rest_route=\/wp\/v2\/posts"}],"about":[{"href":"http:\/\/blog.pierreeliedepibrac.com\/index.php?rest_route=\/wp\/v2\/types\/post"}],"author":[{"embeddable":true,"href":"http:\/\/blog.pierreeliedepibrac.com\/index.php?rest_route=\/wp\/v2\/users\/1"}],"replies":[{"embeddable":true,"href":"http:\/\/blog.pierreeliedepibrac.com\/index.php?rest_route=%2Fwp%2Fv2%2Fcomments&post=2729"}],"version-history":[{"count":1,"href":"http:\/\/blog.pierreeliedepibrac.com\/index.php?rest_route=\/wp\/v2\/posts\/2729\/revisions"}],"predecessor-version":[{"id":2730,"href":"http:\/\/blog.pierreeliedepibrac.com\/index.php?rest_route=\/wp\/v2\/posts\/2729\/revisions\/2730"}],"wp:attachment":[{"href":"http:\/\/blog.pierreeliedepibrac.com\/index.php?rest_route=%2Fwp%2Fv2%2Fmedia&parent=2729"}],"wp:term":[{"taxonomy":"category","embeddable":true,"href":"http:\/\/blog.pierreeliedepibrac.com\/index.php?rest_route=%2Fwp%2Fv2%2Fcategories&post=2729"},{"taxonomy":"post_tag","embeddable":true,"href":"http:\/\/blog.pierreeliedepibrac.com\/index.php?rest_route=%2Fwp%2Fv2%2Ftags&post=2729"}],"curies":[{"name":"wp","href":"https:\/\/api.w.org\/{rel}","templated":true}]}}