{"id":3194,"date":"2018-09-11T11:09:41","date_gmt":"2018-09-11T09:09:41","guid":{"rendered":"http:\/\/blog.pierreeliedepibrac.com\/?p=3194"},"modified":"2018-09-11T11:09:41","modified_gmt":"2018-09-11T09:09:41","slug":"remise-du-prix-levallois-exposition-desmemoria","status":"publish","type":"post","link":"http:\/\/blog.pierreeliedepibrac.com\/?p=3194","title":{"rendered":"Remise du Prix Levallois \/ Exposition Desmemoria"},"content":{"rendered":"<p>La Remise du Prix Levallois aura lieu le jeudi 4 octobre 2018 \u00e0 la Galerie de l&rsquo;Escale \u00e0 Levallois \u00e0 19h.<\/p>\n<p>Elle sera accompagn\u00e9e du vernissage de l&rsquo;Exposition Desmemoria dans laquelle je pr\u00e9senterai une trentaine de tirages.<\/p>\n<p>L&rsquo;Exposition aura lieu jusqu&rsquo;au 24 novembre 2018.<\/p>\n<p><a href=\"http:\/\/www.pierreeliedepibrac.com\/fr\/desmemoria\/\"><img loading=\"lazy\" decoding=\"async\" class=\"aligncenter wp-image-3195\" src=\"http:\/\/blog.pierreeliedepibrac.com\/wp-content\/uploads\/2018\/09\/Invitation-Prix-Levallois-1.jpg\" alt=\"Invitation Prix Levallois-1\" width=\"600\" height=\"848\" srcset=\"http:\/\/blog.pierreeliedepibrac.com\/wp-content\/uploads\/2018\/09\/Invitation-Prix-Levallois-1.jpg 877w, http:\/\/blog.pierreeliedepibrac.com\/wp-content\/uploads\/2018\/09\/Invitation-Prix-Levallois-1-212x300.jpg 212w, http:\/\/blog.pierreeliedepibrac.com\/wp-content\/uploads\/2018\/09\/Invitation-Prix-Levallois-1-724x1024.jpg 724w\" sizes=\"(max-width: 600px) 100vw, 600px\" \/><\/a> <a href=\"http:\/\/www.pierreeliedepibrac.com\/fr\/desmemoria\/\"><img loading=\"lazy\" decoding=\"async\" class=\"aligncenter wp-image-3196\" src=\"http:\/\/blog.pierreeliedepibrac.com\/wp-content\/uploads\/2018\/09\/PL-2018-laureats-GDE-visuel-generique-330x500-EXE.jpg\" alt=\"PL 2018 - laureats GDE - visuel generique - 330x500 - EXE\" width=\"600\" height=\"909\" srcset=\"http:\/\/blog.pierreeliedepibrac.com\/wp-content\/uploads\/2018\/09\/PL-2018-laureats-GDE-visuel-generique-330x500-EXE.jpg 1559w, http:\/\/blog.pierreeliedepibrac.com\/wp-content\/uploads\/2018\/09\/PL-2018-laureats-GDE-visuel-generique-330x500-EXE-198x300.jpg 198w, http:\/\/blog.pierreeliedepibrac.com\/wp-content\/uploads\/2018\/09\/PL-2018-laureats-GDE-visuel-generique-330x500-EXE-676x1024.jpg 676w\" sizes=\"(max-width: 600px) 100vw, 600px\" \/><\/a><\/p>\n<p><strong><a href=\"http:\/\/www.pierreeliedepibrac.com\/fr\/\">www.pierreeliedepibrac.com<\/a><\/strong><\/p>\n<p><strong>Facebook : <a href=\"http:\/\/www.facebook.com\/depibracphotography\">Je Like!<\/a><\/strong><\/p>\n<p><strong>Instagram : <a href=\"http:\/\/www.instagram.com\/depibrac\">I Follow!<\/a><\/strong><\/p>\n","protected":false},"excerpt":{"rendered":"<p>La Remise du Prix Levallois aura lieu le jeudi 4 octobre 2018 \u00e0 la Galerie de l&rsquo;Escale \u00e0 Levallois \u00e0 19h. Elle sera accompagn\u00e9e du vernissage de l&rsquo;Exposition Desmemoria dans laquelle je pr\u00e9senterai une trentaine de tirages. L&rsquo;Exposition aura lieu jusqu&rsquo;au 24 novembre 2018. www.pierreeliedepibrac.com Facebook : Je Like! Instagram : I Follow!<\/p>\n","protected":false},"author":1,"featured_media":0,"comment_status":"open","ping_status":"open","sticky":false,"template":"","format":"standard","meta":{"footnotes":""},"categories":[59,47],"tags":[174,234,1108,1070,1079,1099,1107,161,195,1077,1106,96],"_links":{"self":[{"href":"http:\/\/blog.pierreeliedepibrac.com\/index.php?rest_route=\/wp\/v2\/posts\/3194"}],"collection":[{"href":"http:\/\/blog.pierreeliedepibrac.com\/index.php?rest_route=\/wp\/v2\/posts"}],"about":[{"href":"http:\/\/blog.pierreeliedepibrac.com\/index.php?rest_route=\/wp\/v2\/types\/post"}],"author":[{"embeddable":true,"href":"http:\/\/blog.pierreeliedepibrac.com\/index.php?rest_route=\/wp\/v2\/users\/1"}],"replies":[{"embeddable":true,"href":"http:\/\/blog.pierreeliedepibrac.com\/index.php?rest_route=%2Fwp%2Fv2%2Fcomments&post=3194"}],"version-history":[{"count":1,"href":"http:\/\/blog.pierreeliedepibrac.com\/index.php?rest_route=\/wp\/v2\/posts\/3194\/revisions"}],"predecessor-version":[{"id":3197,"href":"http:\/\/blog.pierreeliedepibrac.com\/index.php?rest_route=\/wp\/v2\/posts\/3194\/revisions\/3197"}],"wp:attachment":[{"href":"http:\/\/blog.pierreeliedepibrac.com\/index.php?rest_route=%2Fwp%2Fv2%2Fmedia&parent=3194"}],"wp:term":[{"taxonomy":"category","embeddable":true,"href":"http:\/\/blog.pierreeliedepibrac.com\/index.php?rest_route=%2Fwp%2Fv2%2Fcategories&post=3194"},{"taxonomy":"post_tag","embeddable":true,"href":"http:\/\/blog.pierreeliedepibrac.com\/index.php?rest_route=%2Fwp%2Fv2%2Ftags&post=3194"}],"curies":[{"name":"wp","href":"https:\/\/api.w.org\/{rel}","templated":true}]}}