{"id":1368,"date":"2012-02-08T18:29:46","date_gmt":"2012-02-08T16:29:46","guid":{"rendered":"http:\/\/blog.pierreeliedepibrac.com\/?p=1368"},"modified":"2012-02-08T18:59:39","modified_gmt":"2012-02-08T16:59:39","slug":"american-showcase-a-laffordable-art-fair-de-bruxelles-avec-la-salomon-duval-gallery","status":"publish","type":"post","link":"https:\/\/blog.pierreeliedepibrac.com\/?p=1368","title":{"rendered":"American Showcase \u00e0 l&rsquo;Affordable Art Fair de Bruxelles avec la Galerie Salomon Duval"},"content":{"rendered":"<p>American Showcase \u00e0 l&rsquo;<a href=\"http:\/\/www.affordableartfair.be\/\"><strong>Affordable Art Fair<\/strong> <\/a>de Bruxelles avec la <a href=\"http:\/\/www.salomonduval.com\/\"><strong>Galerie Salomon Duval<\/strong><\/a>.<\/p>\n<p>Du 9 au 12 f\u00e9vrier au Tour &amp; Taxi \u00e0 Bruxelles.<\/p>\n<p><a href=\"http:\/\/blog.pierreeliedepibrac.com\/wp-content\/uploads\/2012\/02\/min-photo2.jpg\"><img loading=\"lazy\" decoding=\"async\" class=\"aligncenter size-full wp-image-1371\" title=\"min photo2\" src=\"http:\/\/blog.pierreeliedepibrac.com\/wp-content\/uploads\/2012\/02\/min-photo2.jpg\" alt=\"\" width=\"700\" height=\"523\" srcset=\"https:\/\/blog.pierreeliedepibrac.com\/wp-content\/uploads\/2012\/02\/min-photo2.jpg 700w, https:\/\/blog.pierreeliedepibrac.com\/wp-content\/uploads\/2012\/02\/min-photo2-300x224.jpg 300w\" sizes=\"(max-width: 700px) 100vw, 700px\" \/><\/a><\/p>\n<p>&nbsp;<\/p>\n<p><a href=\"http:\/\/blog.pierreeliedepibrac.com\/wp-content\/uploads\/2012\/02\/min-photo1.jpg\"><img loading=\"lazy\" decoding=\"async\" class=\"aligncenter size-full wp-image-1370\" title=\"min photo1\" src=\"http:\/\/blog.pierreeliedepibrac.com\/wp-content\/uploads\/2012\/02\/min-photo1.jpg\" alt=\"\" width=\"700\" height=\"523\" srcset=\"https:\/\/blog.pierreeliedepibrac.com\/wp-content\/uploads\/2012\/02\/min-photo1.jpg 700w, https:\/\/blog.pierreeliedepibrac.com\/wp-content\/uploads\/2012\/02\/min-photo1-300x224.jpg 300w\" sizes=\"(max-width: 700px) 100vw, 700px\" \/><\/a><\/p>\n<p>&nbsp;<\/p>\n<p><a href=\"http:\/\/blog.pierreeliedepibrac.com\/wp-content\/uploads\/2012\/02\/min-photo.jpg\"><img loading=\"lazy\" decoding=\"async\" class=\"aligncenter size-full wp-image-1369\" title=\"min photo\" src=\"http:\/\/blog.pierreeliedepibrac.com\/wp-content\/uploads\/2012\/02\/min-photo.jpg\" alt=\"\" width=\"700\" height=\"523\" srcset=\"https:\/\/blog.pierreeliedepibrac.com\/wp-content\/uploads\/2012\/02\/min-photo.jpg 700w, https:\/\/blog.pierreeliedepibrac.com\/wp-content\/uploads\/2012\/02\/min-photo-300x224.jpg 300w\" sizes=\"(max-width: 700px) 100vw, 700px\" \/><\/a><\/p>\n<p><a href=\"http:\/\/www.pierreeliedepibrac.com\">www.pierreeliedepibrac.com<\/a><\/p>\n<p>Facebook : <a href=\"http:\/\/www.facebook.com\/depibracphotography\">Je like !<\/a><\/p>\n","protected":false},"excerpt":{"rendered":"<p>American Showcase \u00e0 l&rsquo;Affordable Art Fair de Bruxelles avec la Galerie Salomon Duval. Du 9 au 12 f\u00e9vrier au Tour &amp; Taxi \u00e0 Bruxelles. &nbsp; &nbsp; www.pierreeliedepibrac.com Facebook : Je like !<\/p>\n","protected":false},"author":1,"featured_media":0,"comment_status":"open","ping_status":"open","sticky":false,"template":"","format":"standard","meta":{"footnotes":""},"categories":[49,59],"tags":[454,457,125,456,459,458,195,124,7,455],"_links":{"self":[{"href":"https:\/\/blog.pierreeliedepibrac.com\/index.php?rest_route=\/wp\/v2\/posts\/1368"}],"collection":[{"href":"https:\/\/blog.pierreeliedepibrac.com\/index.php?rest_route=\/wp\/v2\/posts"}],"about":[{"href":"https:\/\/blog.pierreeliedepibrac.com\/index.php?rest_route=\/wp\/v2\/types\/post"}],"author":[{"embeddable":true,"href":"https:\/\/blog.pierreeliedepibrac.com\/index.php?rest_route=\/wp\/v2\/users\/1"}],"replies":[{"embeddable":true,"href":"https:\/\/blog.pierreeliedepibrac.com\/index.php?rest_route=%2Fwp%2Fv2%2Fcomments&post=1368"}],"version-history":[{"count":3,"href":"https:\/\/blog.pierreeliedepibrac.com\/index.php?rest_route=\/wp\/v2\/posts\/1368\/revisions"}],"predecessor-version":[{"id":1375,"href":"https:\/\/blog.pierreeliedepibrac.com\/index.php?rest_route=\/wp\/v2\/posts\/1368\/revisions\/1375"}],"wp:attachment":[{"href":"https:\/\/blog.pierreeliedepibrac.com\/index.php?rest_route=%2Fwp%2Fv2%2Fmedia&parent=1368"}],"wp:term":[{"taxonomy":"category","embeddable":true,"href":"https:\/\/blog.pierreeliedepibrac.com\/index.php?rest_route=%2Fwp%2Fv2%2Fcategories&post=1368"},{"taxonomy":"post_tag","embeddable":true,"href":"https:\/\/blog.pierreeliedepibrac.com\/index.php?rest_route=%2Fwp%2Fv2%2Ftags&post=1368"}],"curies":[{"name":"wp","href":"https:\/\/api.w.org\/{rel}","templated":true}]}}