{"id":1880,"date":"2013-01-28T12:18:51","date_gmt":"2013-01-28T10:18:51","guid":{"rendered":"http:\/\/blog.pierreeliedepibrac.com\/?p=1880"},"modified":"2013-01-28T12:19:01","modified_gmt":"2013-01-28T10:19:01","slug":"photo-du-film-paris-a-tout-prix-dans-le-parisien-et-le-journal-du-dimanche","status":"publish","type":"post","link":"https:\/\/blog.pierreeliedepibrac.com\/?p=1880","title":{"rendered":"Photo du film Paris \u00e0 tout prix dans Le Parisien et Le Journal du Dimanche"},"content":{"rendered":"<p>Ca y est, on commence \u00e0 parler du film <strong>Paris \u00e0 tout prix<\/strong> de <strong>Reem Kherici<\/strong>.<\/p>\n<p>Une de mes photographies a \u00e9t\u00e9 publi\u00e9e dans le Parisien du 25\/01 et dans le Journal du Dimanche du 27\/01<\/p>\n<p><a href=\"http:\/\/blog.pierreeliedepibrac.com\/wp-content\/uploads\/2013\/01\/PATP-BD.jpg\"><img loading=\"lazy\" decoding=\"async\" class=\"aligncenter size-full wp-image-1881\" title=\"PATP-BD\" src=\"http:\/\/blog.pierreeliedepibrac.com\/wp-content\/uploads\/2013\/01\/PATP-BD.jpg\" alt=\"\" width=\"700\" height=\"467\" srcset=\"https:\/\/blog.pierreeliedepibrac.com\/wp-content\/uploads\/2013\/01\/PATP-BD.jpg 700w, https:\/\/blog.pierreeliedepibrac.com\/wp-content\/uploads\/2013\/01\/PATP-BD-300x200.jpg 300w\" sizes=\"(max-width: 700px) 100vw, 700px\" \/><\/a><\/p>\n<p>&nbsp;<\/p>\n<p>Photo originale :<\/p>\n<p><a href=\"http:\/\/blog.pierreeliedepibrac.com\/wp-content\/uploads\/2013\/01\/Min-PEP_0820_OK.jpg\"><img loading=\"lazy\" decoding=\"async\" class=\"aligncenter size-full wp-image-1882\" title=\"Min PEP_0820_OK\" src=\"http:\/\/blog.pierreeliedepibrac.com\/wp-content\/uploads\/2013\/01\/Min-PEP_0820_OK-e1359368239985.jpg\" alt=\"\" width=\"700\" height=\"467\" \/><\/a><\/p>\n<p><a href=\"http:\/\/www.pierreeliedepibrac.com\">www.pierreeliedepibrac.com<\/a><\/p>\n<p><strong>Facebook<\/strong> : <a href=\"http:\/\/www.facebook.com\/depibracphotography\">Je Like!<\/a><\/p>\n","protected":false},"excerpt":{"rendered":"<p>Ca y est, on commence \u00e0 parler du film Paris \u00e0 tout prix de Reem Kherici. Une de mes photographies a \u00e9t\u00e9 publi\u00e9e dans le Parisien du 25\/01 et dans le Journal du Dimanche du 27\/01 &nbsp; Photo originale : www.pierreeliedepibrac.com Facebook : Je Like!<\/p>\n","protected":false},"author":1,"featured_media":0,"comment_status":"open","ping_status":"open","sticky":false,"template":"","format":"standard","meta":{"footnotes":""},"categories":[47,91],"tags":[56,592,593,541,195,7,540],"_links":{"self":[{"href":"https:\/\/blog.pierreeliedepibrac.com\/index.php?rest_route=\/wp\/v2\/posts\/1880"}],"collection":[{"href":"https:\/\/blog.pierreeliedepibrac.com\/index.php?rest_route=\/wp\/v2\/posts"}],"about":[{"href":"https:\/\/blog.pierreeliedepibrac.com\/index.php?rest_route=\/wp\/v2\/types\/post"}],"author":[{"embeddable":true,"href":"https:\/\/blog.pierreeliedepibrac.com\/index.php?rest_route=\/wp\/v2\/users\/1"}],"replies":[{"embeddable":true,"href":"https:\/\/blog.pierreeliedepibrac.com\/index.php?rest_route=%2Fwp%2Fv2%2Fcomments&post=1880"}],"version-history":[{"count":2,"href":"https:\/\/blog.pierreeliedepibrac.com\/index.php?rest_route=\/wp\/v2\/posts\/1880\/revisions"}],"predecessor-version":[{"id":1884,"href":"https:\/\/blog.pierreeliedepibrac.com\/index.php?rest_route=\/wp\/v2\/posts\/1880\/revisions\/1884"}],"wp:attachment":[{"href":"https:\/\/blog.pierreeliedepibrac.com\/index.php?rest_route=%2Fwp%2Fv2%2Fmedia&parent=1880"}],"wp:term":[{"taxonomy":"category","embeddable":true,"href":"https:\/\/blog.pierreeliedepibrac.com\/index.php?rest_route=%2Fwp%2Fv2%2Fcategories&post=1880"},{"taxonomy":"post_tag","embeddable":true,"href":"https:\/\/blog.pierreeliedepibrac.com\/index.php?rest_route=%2Fwp%2Fv2%2Ftags&post=1880"}],"curies":[{"name":"wp","href":"https:\/\/api.w.org\/{rel}","templated":true}]}}