{"id":1898,"date":"2013-02-05T11:39:33","date_gmt":"2013-02-05T09:39:33","guid":{"rendered":"http:\/\/blog.pierreeliedepibrac.com\/?p=1898"},"modified":"2013-02-05T11:54:10","modified_gmt":"2013-02-05T09:54:10","slug":"5-photos-de-paris-a-tout-prix-dans-air-mag-le-mag-2","status":"publish","type":"post","link":"https:\/\/blog.pierreeliedepibrac.com\/?p=1898","title":{"rendered":"5 photos de Paris \u00e0 tout prix dans Air le Mag"},"content":{"rendered":"<p>Dans le num\u00e9ro de f\u00e9vrier du <strong>magazine du McDo, Air le Mag<\/strong> retrouvez une <strong>double page<\/strong> sur le film de<strong> Reem Kherici<\/strong>, <strong>Paris \u00e0 tout prix<\/strong>!!<\/p>\n<p><strong>Sortie le 3 juillet.<\/strong>.. \ud83d\ude42<\/p>\n<p><a href=\"http:\/\/blog.pierreeliedepibrac.com\/wp-content\/uploads\/2013\/02\/Min-Air-Mag.jpg\"><img loading=\"lazy\" decoding=\"async\" class=\"aligncenter size-full wp-image-1892\" title=\"Min Air Mag\" src=\"http:\/\/blog.pierreeliedepibrac.com\/wp-content\/uploads\/2013\/02\/Min-Air-Mag.jpg\" alt=\"\" width=\"700\" height=\"468\" srcset=\"https:\/\/blog.pierreeliedepibrac.com\/wp-content\/uploads\/2013\/02\/Min-Air-Mag.jpg 700w, https:\/\/blog.pierreeliedepibrac.com\/wp-content\/uploads\/2013\/02\/Min-Air-Mag-300x200.jpg 300w\" sizes=\"(max-width: 700px) 100vw, 700px\" \/><\/a><\/p>\n<p>&nbsp;<\/p>\n<p><a href=\"http:\/\/blog.pierreeliedepibrac.com\/wp-content\/uploads\/2013\/02\/MinCouv-Air-Mag.jpg\"><img loading=\"lazy\" decoding=\"async\" class=\"aligncenter size-medium wp-image-1893\" title=\"MinCouv Air Mag\" src=\"http:\/\/blog.pierreeliedepibrac.com\/wp-content\/uploads\/2013\/02\/MinCouv-Air-Mag-225x300.jpg\" alt=\"\" width=\"225\" height=\"300\" srcset=\"https:\/\/blog.pierreeliedepibrac.com\/wp-content\/uploads\/2013\/02\/MinCouv-Air-Mag-225x300.jpg 225w, https:\/\/blog.pierreeliedepibrac.com\/wp-content\/uploads\/2013\/02\/MinCouv-Air-Mag.jpg 525w\" sizes=\"(max-width: 225px) 100vw, 225px\" \/><\/a><\/p>\n<p><a href=\"http:\/\/www.pierreeliedepibrac.com\">www.pierreeliedepibrac.com<\/a><\/p>\n<p><strong>Facebook<\/strong> : <a href=\"http:\/\/www.facebook.com\/depibracphotography\">Je Like!<\/a><\/p>\n","protected":false},"excerpt":{"rendered":"<p>Dans le num\u00e9ro de f\u00e9vrier du magazine du McDo, Air le Mag retrouvez une double page sur le film de Reem Kherici, Paris \u00e0 tout prix!! Sortie le 3 juillet&#8230; \ud83d\ude42 &nbsp; www.pierreeliedepibrac.com Facebook : Je Like!<\/p>\n","protected":false},"author":1,"featured_media":0,"comment_status":"open","ping_status":"open","sticky":false,"template":"","format":"standard","meta":{"footnotes":""},"categories":[47,91],"tags":[595,111,56,598,596,541,7,540],"_links":{"self":[{"href":"https:\/\/blog.pierreeliedepibrac.com\/index.php?rest_route=\/wp\/v2\/posts\/1898"}],"collection":[{"href":"https:\/\/blog.pierreeliedepibrac.com\/index.php?rest_route=\/wp\/v2\/posts"}],"about":[{"href":"https:\/\/blog.pierreeliedepibrac.com\/index.php?rest_route=\/wp\/v2\/types\/post"}],"author":[{"embeddable":true,"href":"https:\/\/blog.pierreeliedepibrac.com\/index.php?rest_route=\/wp\/v2\/users\/1"}],"replies":[{"embeddable":true,"href":"https:\/\/blog.pierreeliedepibrac.com\/index.php?rest_route=%2Fwp%2Fv2%2Fcomments&post=1898"}],"version-history":[{"count":3,"href":"https:\/\/blog.pierreeliedepibrac.com\/index.php?rest_route=\/wp\/v2\/posts\/1898\/revisions"}],"predecessor-version":[{"id":1901,"href":"https:\/\/blog.pierreeliedepibrac.com\/index.php?rest_route=\/wp\/v2\/posts\/1898\/revisions\/1901"}],"wp:attachment":[{"href":"https:\/\/blog.pierreeliedepibrac.com\/index.php?rest_route=%2Fwp%2Fv2%2Fmedia&parent=1898"}],"wp:term":[{"taxonomy":"category","embeddable":true,"href":"https:\/\/blog.pierreeliedepibrac.com\/index.php?rest_route=%2Fwp%2Fv2%2Fcategories&post=1898"},{"taxonomy":"post_tag","embeddable":true,"href":"https:\/\/blog.pierreeliedepibrac.com\/index.php?rest_route=%2Fwp%2Fv2%2Ftags&post=1898"}],"curies":[{"name":"wp","href":"https:\/\/api.w.org\/{rel}","templated":true}]}}