{"id":2096,"date":"2013-06-04T13:02:50","date_gmt":"2013-06-04T11:02:50","guid":{"rendered":"http:\/\/blog.pierreeliedepibrac.com\/?p=2096"},"modified":"2013-06-04T13:05:26","modified_gmt":"2013-06-04T11:05:26","slug":"exposition-sous-la-nef-du-grand-palais-avec-jr-veilhan-youssef-nabil","status":"publish","type":"post","link":"https:\/\/blog.pierreeliedepibrac.com\/?p=2096","title":{"rendered":"Exposition sous la Nef du Grand Palais avec JR, Veilhan, Youssef Nabil&#8230;"},"content":{"rendered":"<p>J&rsquo;expose mes photographies de la s\u00e9rie RLSH sous la Nef du Grand Palais du 11 au 21 juin entour\u00e9e de grands ma\u00eetres de l&rsquo;art contemporain!!!! Youssef Nabil, JR, Liu Bolin, Philippe Ramette ou encore Xavier Veilhan!!!! \ud83d\ude09<\/p>\n<p><a href=\"http:\/\/blog.pierreeliedepibrac.com\/wp-content\/uploads\/2013\/06\/20130604-075613.jpg\"><img decoding=\"async\" src=\"http:\/\/blog.pierreeliedepibrac.com\/wp-content\/uploads\/2013\/06\/20130604-075613.jpg\" alt=\"20130604-075613.jpg\" class=\"alignnone size-full\" \/><\/a><\/p>\n<p><a href=\"http:\/\/blog.pierreeliedepibrac.com\/wp-content\/uploads\/2013\/06\/20130604-080229.jpg\"><img decoding=\"async\" src=\"http:\/\/blog.pierreeliedepibrac.com\/wp-content\/uploads\/2013\/06\/20130604-080229.jpg\" alt=\"20130604-080229.jpg\" class=\"alignnone size-full\" \/><\/a><\/p>\n<p><a href=\"http:\/\/www.pierreeliedepibrac.com\">www.pierreeliedepibrac.com<\/a><\/p>\n<p>Facebook: <a href=\"http:\/\/facebook.com\/depibracphotography\">Je Like!<\/a><\/p>\n","protected":false},"excerpt":{"rendered":"<p>J&rsquo;expose mes photographies de la s\u00e9rie RLSH sous la Nef du Grand Palais du 11 au 21 juin entour\u00e9e de grands ma\u00eetres de l&rsquo;art contemporain!!!! Youssef Nabil, JR, Liu Bolin, Philippe Ramette ou encore Xavier Veilhan!!!! \ud83d\ude09 www.pierreeliedepibrac.com Facebook: Je Like!<\/p>\n","protected":false},"author":1,"featured_media":0,"comment_status":"open","ping_status":"open","sticky":false,"template":"","format":"standard","meta":{"footnotes":""},"categories":[59,47],"tags":[660,125,658,459,659,9,7,656,657],"_links":{"self":[{"href":"https:\/\/blog.pierreeliedepibrac.com\/index.php?rest_route=\/wp\/v2\/posts\/2096"}],"collection":[{"href":"https:\/\/blog.pierreeliedepibrac.com\/index.php?rest_route=\/wp\/v2\/posts"}],"about":[{"href":"https:\/\/blog.pierreeliedepibrac.com\/index.php?rest_route=\/wp\/v2\/types\/post"}],"author":[{"embeddable":true,"href":"https:\/\/blog.pierreeliedepibrac.com\/index.php?rest_route=\/wp\/v2\/users\/1"}],"replies":[{"embeddable":true,"href":"https:\/\/blog.pierreeliedepibrac.com\/index.php?rest_route=%2Fwp%2Fv2%2Fcomments&post=2096"}],"version-history":[{"count":1,"href":"https:\/\/blog.pierreeliedepibrac.com\/index.php?rest_route=\/wp\/v2\/posts\/2096\/revisions"}],"predecessor-version":[{"id":2097,"href":"https:\/\/blog.pierreeliedepibrac.com\/index.php?rest_route=\/wp\/v2\/posts\/2096\/revisions\/2097"}],"wp:attachment":[{"href":"https:\/\/blog.pierreeliedepibrac.com\/index.php?rest_route=%2Fwp%2Fv2%2Fmedia&parent=2096"}],"wp:term":[{"taxonomy":"category","embeddable":true,"href":"https:\/\/blog.pierreeliedepibrac.com\/index.php?rest_route=%2Fwp%2Fv2%2Fcategories&post=2096"},{"taxonomy":"post_tag","embeddable":true,"href":"https:\/\/blog.pierreeliedepibrac.com\/index.php?rest_route=%2Fwp%2Fv2%2Ftags&post=2096"}],"curies":[{"name":"wp","href":"https:\/\/api.w.org\/{rel}","templated":true}]}}