{"id":2266,"date":"2013-10-07T16:28:44","date_gmt":"2013-10-07T14:28:44","guid":{"rendered":"http:\/\/blog.pierreeliedepibrac.com\/?p=2266"},"modified":"2013-10-07T16:30:07","modified_gmt":"2013-10-07T14:30:07","slug":"conference-a-la-fnac-de-lille-le-121013","status":"publish","type":"post","link":"https:\/\/blog.pierreeliedepibrac.com\/?p=2266","title":{"rendered":"Conf\u00e9rence \u00e0 la FNAC de Lille le 12\/10\/13"},"content":{"rendered":"<p><span style=\"text-decoration: underline;\"><strong>Conf\u00e9rence \u00e0 la FNAC de Lille <\/strong><\/span><\/p>\n<p>Je serai en conf\u00e9rence \u00e0 la <strong>Fnac<\/strong> de Lille le <strong>12\/10\/13<\/strong> pour parler des Real Life Super Heroes \u00e0 <strong>17h <\/strong>avec <strong>Xavier Fournier<\/strong>, r\u00e9dacteur en chef de <strong>Comic Box<\/strong>.<\/p>\n<p><a href=\"http:\/\/www.fnac.com\/Pierre-Elie-de-Pibrac\/cp21703\/w-4\"><img loading=\"lazy\" decoding=\"async\" class=\"aligncenter size-full wp-image-2269\" alt=\"Capture d\u2019e\u0301cran 2013-10-07 a\u0300 16.19.06\" src=\"http:\/\/blog.pierreeliedepibrac.com\/wp-content\/uploads\/2013\/10\/Capture-d\u2019e\u0301cran-2013-10-07-a\u0300-16.19.061-e1381156187270.png\" width=\"656\" height=\"700\" \/><\/a><\/p>\n<p><a href=\"http:\/\/www.pierreeliedepibrac.com\"><strong>www.pierreeliedepibrac.com<\/strong><\/a><\/p>\n<p><strong>Facebook<\/strong> :<a href=\"http:\/\/www.facebook.com\/depibracphotography\"> Je Like!<\/a><\/p>\n<p>&nbsp;<\/p>\n","protected":false},"excerpt":{"rendered":"<p>Conf\u00e9rence \u00e0 la FNAC de Lille Je serai en conf\u00e9rence \u00e0 la Fnac de Lille le 12\/10\/13 pour parler des Real Life Super Heroes \u00e0 17h avec Xavier Fournier, r\u00e9dacteur en chef de Comic Box. www.pierreeliedepibrac.com Facebook : Je Like! &nbsp;<\/p>\n","protected":false},"author":1,"featured_media":0,"comment_status":"open","ping_status":"open","sticky":false,"template":"","format":"standard","meta":{"footnotes":""},"categories":[59,47],"tags":[401,125,226,726,725,7,16,14,731],"_links":{"self":[{"href":"https:\/\/blog.pierreeliedepibrac.com\/index.php?rest_route=\/wp\/v2\/posts\/2266"}],"collection":[{"href":"https:\/\/blog.pierreeliedepibrac.com\/index.php?rest_route=\/wp\/v2\/posts"}],"about":[{"href":"https:\/\/blog.pierreeliedepibrac.com\/index.php?rest_route=\/wp\/v2\/types\/post"}],"author":[{"embeddable":true,"href":"https:\/\/blog.pierreeliedepibrac.com\/index.php?rest_route=\/wp\/v2\/users\/1"}],"replies":[{"embeddable":true,"href":"https:\/\/blog.pierreeliedepibrac.com\/index.php?rest_route=%2Fwp%2Fv2%2Fcomments&post=2266"}],"version-history":[{"count":3,"href":"https:\/\/blog.pierreeliedepibrac.com\/index.php?rest_route=\/wp\/v2\/posts\/2266\/revisions"}],"predecessor-version":[{"id":2272,"href":"https:\/\/blog.pierreeliedepibrac.com\/index.php?rest_route=\/wp\/v2\/posts\/2266\/revisions\/2272"}],"wp:attachment":[{"href":"https:\/\/blog.pierreeliedepibrac.com\/index.php?rest_route=%2Fwp%2Fv2%2Fmedia&parent=2266"}],"wp:term":[{"taxonomy":"category","embeddable":true,"href":"https:\/\/blog.pierreeliedepibrac.com\/index.php?rest_route=%2Fwp%2Fv2%2Fcategories&post=2266"},{"taxonomy":"post_tag","embeddable":true,"href":"https:\/\/blog.pierreeliedepibrac.com\/index.php?rest_route=%2Fwp%2Fv2%2Ftags&post=2266"}],"curies":[{"name":"wp","href":"https:\/\/api.w.org\/{rel}","templated":true}]}}