{"id":2509,"date":"2014-06-21T13:27:57","date_gmt":"2014-06-21T11:27:57","guid":{"rendered":"http:\/\/blog.pierreeliedepibrac.com\/?p=2509"},"modified":"2014-06-21T13:27:57","modified_gmt":"2014-06-21T11:27:57","slug":"ca-y-est-lultime-mise-en-scene-sur-les-toits-de-lopera-garnier-est-finie","status":"publish","type":"post","link":"https:\/\/blog.pierreeliedepibrac.com\/?p=2509","title":{"rendered":"\u00c7a y est, l&rsquo;ultime mise en sc\u00e8ne sur les toits de l&rsquo;Op\u00e9ra Garnier est finie&#8230;"},"content":{"rendered":"<p>\u00c7a y est, l&rsquo;ultime mise en sc\u00e8ne sur les toits de l&rsquo;<strong>Op\u00e9ra Garnier<\/strong> est finie&#8230;<\/p>\n<p>Merci \u00e0 tous ces tr\u00e8s grands danseurs qui m&rsquo;ont accompagn\u00e9 durant cette <strong>fabuleuse aventure<\/strong> \ud83d\ude42<\/p>\n<p style=\"text-align: center;\"><a href=\"http:\/\/blog.pierreeliedepibrac.com\/wp-content\/uploads\/2014\/06\/photo1.jpg\"><img loading=\"lazy\" decoding=\"async\" class=\"aligncenter  wp-image-2510\" alt=\"photo\" src=\"http:\/\/blog.pierreeliedepibrac.com\/wp-content\/uploads\/2014\/06\/photo1.jpg\" width=\"518\" height=\"518\" srcset=\"https:\/\/blog.pierreeliedepibrac.com\/wp-content\/uploads\/2014\/06\/photo1.jpg 2400w, https:\/\/blog.pierreeliedepibrac.com\/wp-content\/uploads\/2014\/06\/photo1-150x150.jpg 150w, https:\/\/blog.pierreeliedepibrac.com\/wp-content\/uploads\/2014\/06\/photo1-300x300.jpg 300w, https:\/\/blog.pierreeliedepibrac.com\/wp-content\/uploads\/2014\/06\/photo1-1024x1024.jpg 1024w\" sizes=\"(max-width: 518px) 100vw, 518px\" \/><\/a><\/p>\n<p style=\"text-align: center;\">\n<p style=\"text-align: left;\"><a href=\"http:\/\/www.pierreeliedepibrac.com\"><strong>www.pierreeliedepibrac.com<\/strong><\/a><\/p>\n<p style=\"text-align: left;\"><strong>Facebook :<a href=\"http:\/\/www.facebook.com\/depibracphotography\"> Je Like!<\/a><\/strong><\/p>\n<p style=\"text-align: left;\"><strong>Instagram :<a href=\"http:\/\/instagram.com\/depibrac\"> Follow<\/a><\/strong><\/p>\n","protected":false},"excerpt":{"rendered":"<p>\u00c7a y est, l&rsquo;ultime mise en sc\u00e8ne sur les toits de l&rsquo;Op\u00e9ra Garnier est finie&#8230; Merci \u00e0 tous ces tr\u00e8s grands danseurs qui m&rsquo;ont accompagn\u00e9 durant cette fabuleuse aventure \ud83d\ude42 www.pierreeliedepibrac.com Facebook : Je Like! Instagram : Follow<\/p>\n","protected":false},"author":1,"featured_media":0,"comment_status":"open","ping_status":"open","sticky":false,"template":"","format":"standard","meta":{"footnotes":""},"categories":[2,48],"tags":[831,828,742,760,761,833,830,829,835,836,834,832,822,749,748,7,824,798],"_links":{"self":[{"href":"https:\/\/blog.pierreeliedepibrac.com\/index.php?rest_route=\/wp\/v2\/posts\/2509"}],"collection":[{"href":"https:\/\/blog.pierreeliedepibrac.com\/index.php?rest_route=\/wp\/v2\/posts"}],"about":[{"href":"https:\/\/blog.pierreeliedepibrac.com\/index.php?rest_route=\/wp\/v2\/types\/post"}],"author":[{"embeddable":true,"href":"https:\/\/blog.pierreeliedepibrac.com\/index.php?rest_route=\/wp\/v2\/users\/1"}],"replies":[{"embeddable":true,"href":"https:\/\/blog.pierreeliedepibrac.com\/index.php?rest_route=%2Fwp%2Fv2%2Fcomments&post=2509"}],"version-history":[{"count":1,"href":"https:\/\/blog.pierreeliedepibrac.com\/index.php?rest_route=\/wp\/v2\/posts\/2509\/revisions"}],"predecessor-version":[{"id":2511,"href":"https:\/\/blog.pierreeliedepibrac.com\/index.php?rest_route=\/wp\/v2\/posts\/2509\/revisions\/2511"}],"wp:attachment":[{"href":"https:\/\/blog.pierreeliedepibrac.com\/index.php?rest_route=%2Fwp%2Fv2%2Fmedia&parent=2509"}],"wp:term":[{"taxonomy":"category","embeddable":true,"href":"https:\/\/blog.pierreeliedepibrac.com\/index.php?rest_route=%2Fwp%2Fv2%2Fcategories&post=2509"},{"taxonomy":"post_tag","embeddable":true,"href":"https:\/\/blog.pierreeliedepibrac.com\/index.php?rest_route=%2Fwp%2Fv2%2Ftags&post=2509"}],"curies":[{"name":"wp","href":"https:\/\/api.w.org\/{rel}","templated":true}]}}