{"id":2526,"date":"2014-08-01T19:00:14","date_gmt":"2014-08-01T17:00:14","guid":{"rendered":"http:\/\/blog.pierreeliedepibrac.com\/?p=2526"},"modified":"2014-08-01T19:00:14","modified_gmt":"2014-08-01T17:00:14","slug":"retrouvez-mon-passage-sur-france-inter","status":"publish","type":"post","link":"https:\/\/blog.pierreeliedepibrac.com\/?p=2526","title":{"rendered":"Retrouvez mon passage sur France Inter!"},"content":{"rendered":"<p>Retrouvez mon passage sur <strong>France Inter<\/strong> dans le d\u00e9bat de midi du vendredi 1er ao\u00fbt.<\/p>\n<p>A \u00e9couter <strong><a href=\"http:\/\/www.franceinter.fr\/emission-le-debat-de-midi-a-t-on-besoin-de-super-heros\">ICI<\/a><\/strong><\/p>\n<p>A partir de la 30\u00e8me minute environ<\/p>\n<p style=\"text-align: center;\"><a href=\"http:\/\/blog.pierreeliedepibrac.com\/wp-content\/uploads\/2014\/08\/Capture-d\u2019e\u0301cran-2014-08-01-a\u0300-18.53.08.png\"><img loading=\"lazy\" decoding=\"async\" class=\"aligncenter  wp-image-2527\" alt=\"Capture d\u2019e\u0301cran 2014-08-01 a\u0300 18.53.08\" src=\"http:\/\/blog.pierreeliedepibrac.com\/wp-content\/uploads\/2014\/08\/Capture-d\u2019e\u0301cran-2014-08-01-a\u0300-18.53.08.png\" width=\"515\" height=\"496\" srcset=\"https:\/\/blog.pierreeliedepibrac.com\/wp-content\/uploads\/2014\/08\/Capture-d\u2019e\u0301cran-2014-08-01-a\u0300-18.53.08.png 1430w, https:\/\/blog.pierreeliedepibrac.com\/wp-content\/uploads\/2014\/08\/Capture-d\u2019e\u0301cran-2014-08-01-a\u0300-18.53.08-300x289.png 300w, https:\/\/blog.pierreeliedepibrac.com\/wp-content\/uploads\/2014\/08\/Capture-d\u2019e\u0301cran-2014-08-01-a\u0300-18.53.08-1024x986.png 1024w\" sizes=\"(max-width: 515px) 100vw, 515px\" \/><\/a><\/p>\n<p style=\"text-align: left;\"><a href=\"http:\/\/www.pierreeliedepibrac.com\"><strong>www.pierreeliedepibrac.com<\/strong><\/a><\/p>\n<p style=\"text-align: left;\"><strong>Facebook : <a href=\"http:\/\/www.facebook.com\/depibracphotography\">Je Like!<\/a><\/strong><\/p>\n<p style=\"text-align: left;\"><strong>Instagram : <a href=\"http:\/\/instagram.com\/depibrac\">Follow!<\/a><\/strong><\/p>\n<p>&nbsp;<\/p>\n","protected":false},"excerpt":{"rendered":"<p>Retrouvez mon passage sur France Inter dans le d\u00e9bat de midi du vendredi 1er ao\u00fbt. A \u00e9couter ICI A partir de la 30\u00e8me minute environ www.pierreeliedepibrac.com Facebook : Je Like! Instagram : Follow! &nbsp;<\/p>\n","protected":false},"author":1,"featured_media":0,"comment_status":"open","ping_status":"open","sticky":false,"template":"","format":"standard","meta":{"footnotes":""},"categories":[132,2,47,91],"tags":[851,99,124,7,134,14,66],"_links":{"self":[{"href":"https:\/\/blog.pierreeliedepibrac.com\/index.php?rest_route=\/wp\/v2\/posts\/2526"}],"collection":[{"href":"https:\/\/blog.pierreeliedepibrac.com\/index.php?rest_route=\/wp\/v2\/posts"}],"about":[{"href":"https:\/\/blog.pierreeliedepibrac.com\/index.php?rest_route=\/wp\/v2\/types\/post"}],"author":[{"embeddable":true,"href":"https:\/\/blog.pierreeliedepibrac.com\/index.php?rest_route=\/wp\/v2\/users\/1"}],"replies":[{"embeddable":true,"href":"https:\/\/blog.pierreeliedepibrac.com\/index.php?rest_route=%2Fwp%2Fv2%2Fcomments&post=2526"}],"version-history":[{"count":1,"href":"https:\/\/blog.pierreeliedepibrac.com\/index.php?rest_route=\/wp\/v2\/posts\/2526\/revisions"}],"predecessor-version":[{"id":2528,"href":"https:\/\/blog.pierreeliedepibrac.com\/index.php?rest_route=\/wp\/v2\/posts\/2526\/revisions\/2528"}],"wp:attachment":[{"href":"https:\/\/blog.pierreeliedepibrac.com\/index.php?rest_route=%2Fwp%2Fv2%2Fmedia&parent=2526"}],"wp:term":[{"taxonomy":"category","embeddable":true,"href":"https:\/\/blog.pierreeliedepibrac.com\/index.php?rest_route=%2Fwp%2Fv2%2Fcategories&post=2526"},{"taxonomy":"post_tag","embeddable":true,"href":"https:\/\/blog.pierreeliedepibrac.com\/index.php?rest_route=%2Fwp%2Fv2%2Ftags&post=2526"}],"curies":[{"name":"wp","href":"https:\/\/api.w.org\/{rel}","templated":true}]}}