{"id":2737,"date":"2015-02-05T10:56:39","date_gmt":"2015-02-05T08:56:39","guid":{"rendered":"http:\/\/blog.pierreeliedepibrac.com\/?p=2737"},"modified":"2015-02-05T10:56:39","modified_gmt":"2015-02-05T08:56:39","slug":"in-situ-expose-a-zona-maco","status":"publish","type":"post","link":"https:\/\/blog.pierreeliedepibrac.com\/?p=2737","title":{"rendered":"In situ expos\u00e9 \u00e0 Zona Maco!!!!"},"content":{"rendered":"<p><strong>In Situ<\/strong> &#8211; Dans les coulisses de l&rsquo;Op\u00e9ra de Paris est expos\u00e9e du 4 au 8 f\u00e9vrier dans la <strong>prestigieuse foire d&rsquo;art contemporain<\/strong> <strong>ZONA MACO<\/strong> \u00e0 Mexico.<\/p>\n<p>Exposition avec la galerie am\u00e9ricain <strong>Art Lexing.<\/strong><\/p>\n<p><strong>Booth E202<\/strong><\/p>\n<p><a href=\"http:\/\/www.pierreeliedepibrac.com\"><img loading=\"lazy\" decoding=\"async\" class=\"aligncenter size-full wp-image-2738\" src=\"http:\/\/blog.pierreeliedepibrac.com\/wp-content\/uploads\/2015\/02\/10968412_10155223130085381_8246865951472278141_n.jpg\" alt=\"In Situ Zona Maco Pibrac\" width=\"640\" height=\"640\" srcset=\"https:\/\/blog.pierreeliedepibrac.com\/wp-content\/uploads\/2015\/02\/10968412_10155223130085381_8246865951472278141_n.jpg 640w, https:\/\/blog.pierreeliedepibrac.com\/wp-content\/uploads\/2015\/02\/10968412_10155223130085381_8246865951472278141_n-150x150.jpg 150w, https:\/\/blog.pierreeliedepibrac.com\/wp-content\/uploads\/2015\/02\/10968412_10155223130085381_8246865951472278141_n-300x300.jpg 300w\" sizes=\"(max-width: 640px) 100vw, 640px\" \/><\/a><\/p>\n<p>&nbsp;<\/p>\n<p><a href=\"http:\/\/www.pierreeliedepibrac.com\"><strong>www.pierreeliedepibrac.com<\/strong><\/a><\/p>\n<p><strong>Facebook : <a href=\"http:\/\/www.facebook.com\/depibracphotography\">Je Like!<\/a><\/strong><\/p>\n<p><strong>Instagram : <a href=\"http:\/\/instagram.com\/depibrac\">I Follow!<\/a><\/strong><\/p>\n","protected":false},"excerpt":{"rendered":"<p>In Situ &#8211; Dans les coulisses de l&rsquo;Op\u00e9ra de Paris est expos\u00e9e du 4 au 8 f\u00e9vrier dans la prestigieuse foire d&rsquo;art contemporain ZONA MACO \u00e0 Mexico. Exposition avec la galerie am\u00e9ricain Art Lexing. Booth E202 &nbsp; www.pierreeliedepibrac.com Facebook : Je Like! Instagram : I Follow!<\/p>\n","protected":false},"author":1,"featured_media":0,"comment_status":"open","ping_status":"open","sticky":false,"template":"","format":"standard","meta":{"footnotes":""},"categories":[59,47],"tags":[936,935,742,778,125,456,852,939,937,938,749,7,934],"_links":{"self":[{"href":"https:\/\/blog.pierreeliedepibrac.com\/index.php?rest_route=\/wp\/v2\/posts\/2737"}],"collection":[{"href":"https:\/\/blog.pierreeliedepibrac.com\/index.php?rest_route=\/wp\/v2\/posts"}],"about":[{"href":"https:\/\/blog.pierreeliedepibrac.com\/index.php?rest_route=\/wp\/v2\/types\/post"}],"author":[{"embeddable":true,"href":"https:\/\/blog.pierreeliedepibrac.com\/index.php?rest_route=\/wp\/v2\/users\/1"}],"replies":[{"embeddable":true,"href":"https:\/\/blog.pierreeliedepibrac.com\/index.php?rest_route=%2Fwp%2Fv2%2Fcomments&post=2737"}],"version-history":[{"count":1,"href":"https:\/\/blog.pierreeliedepibrac.com\/index.php?rest_route=\/wp\/v2\/posts\/2737\/revisions"}],"predecessor-version":[{"id":2739,"href":"https:\/\/blog.pierreeliedepibrac.com\/index.php?rest_route=\/wp\/v2\/posts\/2737\/revisions\/2739"}],"wp:attachment":[{"href":"https:\/\/blog.pierreeliedepibrac.com\/index.php?rest_route=%2Fwp%2Fv2%2Fmedia&parent=2737"}],"wp:term":[{"taxonomy":"category","embeddable":true,"href":"https:\/\/blog.pierreeliedepibrac.com\/index.php?rest_route=%2Fwp%2Fv2%2Fcategories&post=2737"},{"taxonomy":"post_tag","embeddable":true,"href":"https:\/\/blog.pierreeliedepibrac.com\/index.php?rest_route=%2Fwp%2Fv2%2Ftags&post=2737"}],"curies":[{"name":"wp","href":"https:\/\/api.w.org\/{rel}","templated":true}]}}