{"id":2870,"date":"2015-09-30T16:55:31","date_gmt":"2015-09-30T14:55:31","guid":{"rendered":"http:\/\/blog.pierreeliedepibrac.com\/?p=2870"},"modified":"2015-09-30T16:56:13","modified_gmt":"2015-09-30T14:56:13","slug":"catharsis-a-zona-maco-foto-avec-art-lexing","status":"publish","type":"post","link":"https:\/\/blog.pierreeliedepibrac.com\/?p=2870","title":{"rendered":"Catharsis \u00e0 Zona Maco Foto avec Art Lexing"},"content":{"rendered":"<p>Catharsis est expos\u00e9 du 24 au 27 septembre \u00e0 <strong>Zona Maco Foto<\/strong> \u00e0 Mexico par la Galerie <strong>Art Lexing.<\/strong><\/p>\n<p>Booth D107<\/p>\n<p><a href=\"http:\/\/blog.pierreeliedepibrac.com\/wp-content\/uploads\/2015\/09\/Zona-Maco.jpg\"><img loading=\"lazy\" decoding=\"async\" class=\"aligncenter wp-image-2872\" src=\"http:\/\/blog.pierreeliedepibrac.com\/wp-content\/uploads\/2015\/09\/Zona-Maco.jpg\" alt=\"Zona Maco\" width=\"600\" height=\"594\" srcset=\"https:\/\/blog.pierreeliedepibrac.com\/wp-content\/uploads\/2015\/09\/Zona-Maco.jpg 754w, https:\/\/blog.pierreeliedepibrac.com\/wp-content\/uploads\/2015\/09\/Zona-Maco-150x150.jpg 150w, https:\/\/blog.pierreeliedepibrac.com\/wp-content\/uploads\/2015\/09\/Zona-Maco-300x297.jpg 300w\" sizes=\"(max-width: 600px) 100vw, 600px\" \/><\/a><\/p>\n<p><a href=\"http:\/\/blog.pierreeliedepibrac.com\/wp-content\/uploads\/2015\/09\/Zona-Maco-2.jpg\"><img loading=\"lazy\" decoding=\"async\" class=\"aligncenter wp-image-2871\" src=\"http:\/\/blog.pierreeliedepibrac.com\/wp-content\/uploads\/2015\/09\/Zona-Maco-2.jpg\" alt=\"Zona Maco 2\" width=\"600\" height=\"499\" srcset=\"https:\/\/blog.pierreeliedepibrac.com\/wp-content\/uploads\/2015\/09\/Zona-Maco-2.jpg 674w, https:\/\/blog.pierreeliedepibrac.com\/wp-content\/uploads\/2015\/09\/Zona-Maco-2-300x249.jpg 300w\" sizes=\"(max-width: 600px) 100vw, 600px\" \/><\/a><\/p>\n<p><strong><a href=\"http:\/\/www.pierreeliedepibrac.com\/\">www.pierreeliedepibrac.com<\/a><\/strong><\/p>\n<p><strong>Facebook : <a href=\"http:\/\/www.facebook.com\/depibracphotography\">Je Like!<\/a><\/strong><\/p>\n<p><strong>Instagram :<a href=\"http:\/\/instagram.com\/depibrac\/\"> I Follow!<\/a><\/strong><\/p>\n","protected":false},"excerpt":{"rendered":"<p>Catharsis est expos\u00e9 du 24 au 27 septembre \u00e0 Zona Maco Foto \u00e0 Mexico par la Galerie Art Lexing. Booth D107 www.pierreeliedepibrac.com Facebook : Je Like! Instagram : I Follow!<\/p>\n","protected":false},"author":1,"featured_media":0,"comment_status":"open","ping_status":"open","sticky":false,"template":"","format":"standard","meta":{"footnotes":""},"categories":[59],"tags":[935,877,852,749,748,124,7,934],"_links":{"self":[{"href":"https:\/\/blog.pierreeliedepibrac.com\/index.php?rest_route=\/wp\/v2\/posts\/2870"}],"collection":[{"href":"https:\/\/blog.pierreeliedepibrac.com\/index.php?rest_route=\/wp\/v2\/posts"}],"about":[{"href":"https:\/\/blog.pierreeliedepibrac.com\/index.php?rest_route=\/wp\/v2\/types\/post"}],"author":[{"embeddable":true,"href":"https:\/\/blog.pierreeliedepibrac.com\/index.php?rest_route=\/wp\/v2\/users\/1"}],"replies":[{"embeddable":true,"href":"https:\/\/blog.pierreeliedepibrac.com\/index.php?rest_route=%2Fwp%2Fv2%2Fcomments&post=2870"}],"version-history":[{"count":2,"href":"https:\/\/blog.pierreeliedepibrac.com\/index.php?rest_route=\/wp\/v2\/posts\/2870\/revisions"}],"predecessor-version":[{"id":2874,"href":"https:\/\/blog.pierreeliedepibrac.com\/index.php?rest_route=\/wp\/v2\/posts\/2870\/revisions\/2874"}],"wp:attachment":[{"href":"https:\/\/blog.pierreeliedepibrac.com\/index.php?rest_route=%2Fwp%2Fv2%2Fmedia&parent=2870"}],"wp:term":[{"taxonomy":"category","embeddable":true,"href":"https:\/\/blog.pierreeliedepibrac.com\/index.php?rest_route=%2Fwp%2Fv2%2Fcategories&post=2870"},{"taxonomy":"post_tag","embeddable":true,"href":"https:\/\/blog.pierreeliedepibrac.com\/index.php?rest_route=%2Fwp%2Fv2%2Ftags&post=2870"}],"curies":[{"name":"wp","href":"https:\/\/api.w.org\/{rel}","templated":true}]}}