{"id":3179,"date":"2018-07-07T09:13:04","date_gmt":"2018-07-07T07:13:04","guid":{"rendered":"http:\/\/blog.pierreeliedepibrac.com\/?p=3179"},"modified":"2018-07-07T09:24:34","modified_gmt":"2018-07-07T07:24:34","slug":"vainqueur-du-prix-levallois-de-la-photographie","status":"publish","type":"post","link":"https:\/\/blog.pierreeliedepibrac.com\/?p=3179","title":{"rendered":"Laur\u00e9at du Prix Levallois de la Photographie !"},"content":{"rendered":"<p><span style=\"text-decoration: underline;\"><strong>Laur\u00e9at du Prix Levallois de la Photographie <\/strong><\/span>!<\/p>\n<p>Je suis heureux de vous annoncer que je suis le Laur\u00e9at de l&rsquo;\u00e9dition 2018 du Prix Levallois de la Photographie avec mon projet <strong><em>Desmemoria<\/em><\/strong>, un travail sur l&rsquo;identit\u00e9 des Cubains \u00e0 travers le prisme d<em>u <\/em>sucre<em>.<\/em><\/p>\n<p>L&rsquo;annonce a \u00e9t\u00e9 faite par la photographe <strong>Val\u00e9rie Jouve<\/strong> lors des <strong>Rencontres d&rsquo;Arles<\/strong> cette semaine.<\/p>\n<p>Mon projet ainsi que celui du laur\u00e9at du Prix du Jury, Emmanuel Tussore, et du Prix du Public, Camille Shabestari seront expos\u00e9s \u00e0 la Galerie de L&rsquo;Escale \u00e0 Levallois du 5 octobre au 24 novembre 2018.<\/p>\n<p>Pour en savoir plus : <strong><a href=\"https:\/\/www.mowwgli.com\/41672\/2018\/07\/06\/les-laureats-de-la-10eme-edition-du-prix-levallois-2018-devoiles-rencontre-avec-les-directeurs-artistiques-catherine-derioz-et-jacques-damez\/\">ICI<\/a><\/strong> et <strong><a href=\"https:\/\/www.connaissancedesarts.com\/actualite-2\/pierre-elie-de-pibrac-laureat-du-prix-levallois-de-la-jeune-creation-photographique-2018-1199103\/\">ICI<\/a><\/strong><\/p>\n<p>Pour d\u00e9couvrir la s\u00e9rie <em>Desmemoria<\/em> : <strong><a href=\"http:\/\/www.pierreeliedepibrac.com\/fr\/desmemoria\/\">ICI<\/a><\/strong><\/p>\n<p><a href=\"http:\/\/www.pierreeliedepibrac.com\/fr\/desmemoria\/\"><img loading=\"lazy\" decoding=\"async\" class=\"aligncenter wp-image-3180 size-full\" src=\"http:\/\/blog.pierreeliedepibrac.com\/wp-content\/uploads\/2018\/07\/IMG_3243.jpeg\" alt=\"IMG_3243\" width=\"640\" height=\"480\" srcset=\"https:\/\/blog.pierreeliedepibrac.com\/wp-content\/uploads\/2018\/07\/IMG_3243.jpeg 640w, https:\/\/blog.pierreeliedepibrac.com\/wp-content\/uploads\/2018\/07\/IMG_3243-300x225.jpeg 300w\" sizes=\"(max-width: 640px) 100vw, 640px\" \/><\/a><\/p>\n<p><a href=\"http:\/\/www.pierreeliedepibrac.com\/fr\/desmemoria\/\"><img loading=\"lazy\" decoding=\"async\" class=\"aligncenter wp-image-3183\" src=\"http:\/\/blog.pierreeliedepibrac.com\/wp-content\/uploads\/2018\/07\/B8441746.jpg\" alt=\"B8441746\" width=\"600\" height=\"800\" srcset=\"https:\/\/blog.pierreeliedepibrac.com\/wp-content\/uploads\/2018\/07\/B8441746.jpg 1000w, https:\/\/blog.pierreeliedepibrac.com\/wp-content\/uploads\/2018\/07\/B8441746-225x300.jpg 225w, https:\/\/blog.pierreeliedepibrac.com\/wp-content\/uploads\/2018\/07\/B8441746-768x1024.jpg 768w\" sizes=\"(max-width: 600px) 100vw, 600px\" \/><\/a><\/p>\n<p><a href=\"http:\/\/www.pierreeliedepibrac.com\/fr\/\">www.pierreeliedepibrac.com<\/a><\/p>\n<p>Facebook : <a href=\"http:\/\/www.facebook.com\/depibracphotography\">Je Like!<\/a><\/p>\n<p>Instagram : <a href=\"http:\/\/www.instagram.com\/depibrac\">I Follow!<\/a><\/p>\n","protected":false},"excerpt":{"rendered":"<p>Laur\u00e9at du Prix Levallois de la Photographie ! Je suis heureux de vous annoncer que je suis le Laur\u00e9at de l&rsquo;\u00e9dition 2018 du Prix Levallois de la Photographie avec mon projet Desmemoria, un travail sur l&rsquo;identit\u00e9 des Cubains \u00e0 travers le prisme du sucre. L&rsquo;annonce a \u00e9t\u00e9 faite par la photographe Val\u00e9rie Jouve lors des [&hellip;]<\/p>\n","protected":false},"author":1,"featured_media":0,"comment_status":"open","ping_status":"open","sticky":false,"template":"","format":"standard","meta":{"footnotes":""},"categories":[104,47],"tags":[1097,1085,107,234,1070,1101,1102,1099,1103,1077,1098,1084,1100],"_links":{"self":[{"href":"https:\/\/blog.pierreeliedepibrac.com\/index.php?rest_route=\/wp\/v2\/posts\/3179"}],"collection":[{"href":"https:\/\/blog.pierreeliedepibrac.com\/index.php?rest_route=\/wp\/v2\/posts"}],"about":[{"href":"https:\/\/blog.pierreeliedepibrac.com\/index.php?rest_route=\/wp\/v2\/types\/post"}],"author":[{"embeddable":true,"href":"https:\/\/blog.pierreeliedepibrac.com\/index.php?rest_route=\/wp\/v2\/users\/1"}],"replies":[{"embeddable":true,"href":"https:\/\/blog.pierreeliedepibrac.com\/index.php?rest_route=%2Fwp%2Fv2%2Fcomments&post=3179"}],"version-history":[{"count":5,"href":"https:\/\/blog.pierreeliedepibrac.com\/index.php?rest_route=\/wp\/v2\/posts\/3179\/revisions"}],"predecessor-version":[{"id":3186,"href":"https:\/\/blog.pierreeliedepibrac.com\/index.php?rest_route=\/wp\/v2\/posts\/3179\/revisions\/3186"}],"wp:attachment":[{"href":"https:\/\/blog.pierreeliedepibrac.com\/index.php?rest_route=%2Fwp%2Fv2%2Fmedia&parent=3179"}],"wp:term":[{"taxonomy":"category","embeddable":true,"href":"https:\/\/blog.pierreeliedepibrac.com\/index.php?rest_route=%2Fwp%2Fv2%2Fcategories&post=3179"},{"taxonomy":"post_tag","embeddable":true,"href":"https:\/\/blog.pierreeliedepibrac.com\/index.php?rest_route=%2Fwp%2Fv2%2Ftags&post=3179"}],"curies":[{"name":"wp","href":"https:\/\/api.w.org\/{rel}","templated":true}]}}