{"id":4003,"date":"2023-03-30T11:04:29","date_gmt":"2023-03-30T09:04:29","guid":{"rendered":"http:\/\/blog.pierreeliedepibrac.com\/?p=4003"},"modified":"2023-03-30T11:04:29","modified_gmt":"2023-03-30T09:04:29","slug":"exposition-portraits-oeuvres-de-la-collection-bachelot-au-musee-reattu-pendant-les-rencontres-darles","status":"publish","type":"post","link":"https:\/\/blog.pierreeliedepibrac.com\/?p=4003","title":{"rendered":"Exposition Portraits \u2013 \u0152uvres de la Collection Bachelot au Mus\u00e9e R\u00e9attu pendant les Rencontres d\u2019Arles"},"content":{"rendered":"\n<p class=\"has-text-align-center\">Je suis tr\u00e8s fier de vous annoncer qu&rsquo;un de mes portraits de la s\u00e9rie <strong>Desmemoria &#8211; Guajiros<\/strong> sera pr\u00e9sent\u00e9 lors de la prestigieuse exposition <strong>Portraits<\/strong> de la <strong><a href=\"https:\/\/www.collection-bachelot.com\/\">Collection Bachelot <\/a><\/strong>au <a href=\"http:\/\/www.museereattu.arles.fr\/\"><strong>Mus\u00e9e R\u00e9attu<\/strong> <\/a>pendant les <strong><a href=\"https:\/\/www.rencontres-arles.com\/\">Rencontres d&rsquo;Arles<\/a><\/strong>. <\/p>\n\n\n\n<p class=\"has-text-align-center\">Exposition du 1er juillet au 1 octobre 2023. <\/p>\n\n\n\n<p>Quelques artistes expos\u00e9s : Diane Arbus, Irving Penn, Saul Leiter, Henri Cartier-Bresson, Robert Doisneau, Nan Goldin, Susan Meiselas, Mohamed Bourouissa, Luc Delahaye, Bruce Davidson, Vivian Maier&#8230;<\/p>\n\n\n\n<div class=\"wp-block-image\"><figure class=\"aligncenter size-large is-resized\"><a href=\"https:\/\/www.rencontres-arles.com\/fr\/expositions\/view\/1510\/portraits\"><img loading=\"lazy\" decoding=\"async\" src=\"http:\/\/blog.pierreeliedepibrac.com\/wp-content\/uploads\/2023\/03\/IMG_9540-1024x1024.jpg\" alt=\"\" class=\"wp-image-4004\" width=\"512\" height=\"512\" srcset=\"https:\/\/blog.pierreeliedepibrac.com\/wp-content\/uploads\/2023\/03\/IMG_9540-1024x1024.jpg 1024w, https:\/\/blog.pierreeliedepibrac.com\/wp-content\/uploads\/2023\/03\/IMG_9540-300x300.jpg 300w, https:\/\/blog.pierreeliedepibrac.com\/wp-content\/uploads\/2023\/03\/IMG_9540-150x150.jpg 150w, https:\/\/blog.pierreeliedepibrac.com\/wp-content\/uploads\/2023\/03\/IMG_9540-768x768.jpg 768w, https:\/\/blog.pierreeliedepibrac.com\/wp-content\/uploads\/2023\/03\/IMG_9540-1536x1536.jpg 1536w, https:\/\/blog.pierreeliedepibrac.com\/wp-content\/uploads\/2023\/03\/IMG_9540.jpg 2000w\" sizes=\"(max-width: 512px) 100vw, 512px\" \/><\/a><\/figure><\/div>\n\n\n\n<div class=\"wp-block-image\"><figure class=\"aligncenter size-full is-resized\"><a href=\"https:\/\/www.rencontres-arles.com\/fr\/expositions\/view\/1510\/portraits\"><img loading=\"lazy\" decoding=\"async\" src=\"http:\/\/blog.pierreeliedepibrac.com\/wp-content\/uploads\/2023\/03\/ISIMG-802637.jpg\" alt=\"\" class=\"wp-image-4005\" width=\"685\" height=\"685\" srcset=\"https:\/\/blog.pierreeliedepibrac.com\/wp-content\/uploads\/2023\/03\/ISIMG-802637.jpg 913w, https:\/\/blog.pierreeliedepibrac.com\/wp-content\/uploads\/2023\/03\/ISIMG-802637-300x300.jpg 300w, https:\/\/blog.pierreeliedepibrac.com\/wp-content\/uploads\/2023\/03\/ISIMG-802637-150x150.jpg 150w, https:\/\/blog.pierreeliedepibrac.com\/wp-content\/uploads\/2023\/03\/ISIMG-802637-768x768.jpg 768w\" sizes=\"(max-width: 685px) 100vw, 685px\" \/><\/a><\/figure><\/div>\n\n\n\n<p><strong><a href=\"http:\/\/www.pierreeliedepibrac.com\">www.pierreeliedepibrac.com<\/a><\/strong><\/p>\n\n\n\n<p><strong>Facebook<\/strong> : <a href=\"https:\/\/www.facebook.com\/depibracphotography\" data-type=\"URL\" data-id=\"https:\/\/www.facebook.com\/depibracphotography\">Je Like !<\/a><\/p>\n\n\n\n<p><strong>Instagram<\/strong> :<a href=\"https:\/\/www.instagram.com\/depibrac\/?hl=fr\"> I Follow ! <\/a><\/p>\n","protected":false},"excerpt":{"rendered":"<p>Je suis tr\u00e8s fier de vous annoncer qu&rsquo;un de mes portraits de la s\u00e9rie Desmemoria &#8211; Guajiros sera pr\u00e9sent\u00e9 lors de la prestigieuse exposition Portraits de la Collection Bachelot au Mus\u00e9e R\u00e9attu pendant les Rencontres d&rsquo;Arles. Exposition du 1er juillet au 1 octobre 2023. Quelques artistes expos\u00e9s : Diane Arbus, Irving Penn, Saul Leiter, Henri [&hellip;]<\/p>\n","protected":false},"author":1,"featured_media":0,"comment_status":"open","ping_status":"open","sticky":false,"template":"","format":"standard","meta":{"footnotes":""},"categories":[1],"tags":[],"_links":{"self":[{"href":"https:\/\/blog.pierreeliedepibrac.com\/index.php?rest_route=\/wp\/v2\/posts\/4003"}],"collection":[{"href":"https:\/\/blog.pierreeliedepibrac.com\/index.php?rest_route=\/wp\/v2\/posts"}],"about":[{"href":"https:\/\/blog.pierreeliedepibrac.com\/index.php?rest_route=\/wp\/v2\/types\/post"}],"author":[{"embeddable":true,"href":"https:\/\/blog.pierreeliedepibrac.com\/index.php?rest_route=\/wp\/v2\/users\/1"}],"replies":[{"embeddable":true,"href":"https:\/\/blog.pierreeliedepibrac.com\/index.php?rest_route=%2Fwp%2Fv2%2Fcomments&post=4003"}],"version-history":[{"count":1,"href":"https:\/\/blog.pierreeliedepibrac.com\/index.php?rest_route=\/wp\/v2\/posts\/4003\/revisions"}],"predecessor-version":[{"id":4006,"href":"https:\/\/blog.pierreeliedepibrac.com\/index.php?rest_route=\/wp\/v2\/posts\/4003\/revisions\/4006"}],"wp:attachment":[{"href":"https:\/\/blog.pierreeliedepibrac.com\/index.php?rest_route=%2Fwp%2Fv2%2Fmedia&parent=4003"}],"wp:term":[{"taxonomy":"category","embeddable":true,"href":"https:\/\/blog.pierreeliedepibrac.com\/index.php?rest_route=%2Fwp%2Fv2%2Fcategories&post=4003"},{"taxonomy":"post_tag","embeddable":true,"href":"https:\/\/blog.pierreeliedepibrac.com\/index.php?rest_route=%2Fwp%2Fv2%2Ftags&post=4003"}],"curies":[{"name":"wp","href":"https:\/\/api.w.org\/{rel}","templated":true}]}}