{"id":4008,"date":"2023-09-01T09:27:16","date_gmt":"2023-09-01T07:27:16","guid":{"rendered":"http:\/\/blog.pierreeliedepibrac.com\/?p=4008"},"modified":"2023-09-01T09:29:41","modified_gmt":"2023-09-01T07:29:41","slug":"exposition-portrait-ephemere-du-japon-musee-guimet-20-09-23-15-01-24","status":"publish","type":"post","link":"https:\/\/blog.pierreeliedepibrac.com\/?p=4008","title":{"rendered":"Exposition Portrait \u00e9ph\u00e9m\u00e8re du Japon &#8211; Mus\u00e9e Guimet &#8211; 20\/09\/23 &#8211; 15\/01\/24"},"content":{"rendered":"\n<p>Je suis tr\u00e8s heureux de vous annoncer ma nouvelle exposition <em><strong>Portrait \u00e9ph\u00e9m\u00e8re du Japon <\/strong><\/em>au <strong><a href=\"https:\/\/www.guimet.fr\/event\/portrait-ephemere-du-japon\/\" data-type=\"link\" data-id=\"https:\/\/www.guimet.fr\/event\/portrait-ephemere-du-japon\/\">Mus\u00e9e National des Arts Asiatiques Guimet<\/a><\/strong> du 20 septembre 2023 au 15 janvier 2024.<\/p>\n\n\n\n<p>Vous y retrouverez un tr\u00e8s grand nombres d&rsquo;oeuvres de mon projet <em><strong>Hakanai Sonzai <\/strong><\/em>r\u00e9alis\u00e9 au Japon pendant 8 mois en totale immersion en 2020.<\/p>\n\n\n\n<p>Michel Poivert, historien de la photographie :<\/p>\n\n\n\n<p> \u00ab\u00a0Je me sens moi-m\u00eame une cr\u00e9ature \u00e9ph\u00e9m\u00e8re\u00a0\u00bb pourrait \u00eatre la traduction d\u2019HAKANAI SONZAI, r\u00e9cit photographique d\u2019un voyage dans le Japon contemporain en forme de fable. En pleine pand\u00e9mie, Pierre-Elie de Pibrac s\u2019en est all\u00e9 avec sa famille interroger un monde \u00e9cartel\u00e9 entre tradition et modernit\u00e9. Le plus souvent prises \u00e0 la chambre, sur pieds et avec un temps de pose calcul\u00e9, les photographies ne rel\u00e8vent en rien du reportage mais plut\u00f4t d\u2019une m\u00e9ditation optique. Des visages et des paysages, la ville et la nature offrent un dialogue dans lequel r\u00e9sonne avant tout la force de l\u2019esprit.\u00a0<\/p>\n\n\n\n<p>Solitude des \u00eatres ressentant la pression sociale, figures parfois spectrales qui semblent s\u2019\u00e9chapper des corps, le Japon est d\u00e9peint comme un monde o\u00f9 l\u2019obsolescence m\u00eame de l\u2019homme semble se jouer. Mais cette fable n\u2019est pas une simple dystopie o\u00f9 la catastrophe aurait dit son dernier mot. Elle est aussi un voyage initiatique au cours duquel la po\u00e9sie tisse des liens invisibles entre les personnages absorb\u00e9s. La grandeur d\u2019une culture s\u2019est prolong\u00e9e dans une mythologie de mangas, o\u00f9 il est question de destins contrari\u00e9s et d\u2019aventures spirituelles.<\/p>\n\n\n\n<p>Les jeux de r\u00e9f\u00e9rences \u00e0 des styles photographiques de diff\u00e9rentes \u00e9poques, o\u00f9 la couleur et le noir et blanc entrent en correspondance, nous offrent sous l\u2019\u0153il de Pierre-Elie de Pibrac une plong\u00e9e tant\u00f4t onirique, tant\u00f4t prosa\u00efque, dans un monde qui se tient aux avant-postes d\u2019un futur sans visage.<\/p>\n\n\n\n<p><\/p>\n\n\n<div class=\"wp-block-image\">\n<figure class=\"aligncenter size-large\"><a href=\"http:\/\/blog.pierreeliedepibrac.com\/wp-content\/uploads\/2023\/09\/Affiche-Musee-Guimet-BD.jpg\"><img loading=\"lazy\" decoding=\"async\" width=\"685\" height=\"1024\" src=\"http:\/\/blog.pierreeliedepibrac.com\/wp-content\/uploads\/2023\/09\/Affiche-Musee-Guimet-BD-685x1024.jpg\" alt=\"\" class=\"wp-image-4009\" srcset=\"https:\/\/blog.pierreeliedepibrac.com\/wp-content\/uploads\/2023\/09\/Affiche-Musee-Guimet-BD-685x1024.jpg 685w, https:\/\/blog.pierreeliedepibrac.com\/wp-content\/uploads\/2023\/09\/Affiche-Musee-Guimet-BD-201x300.jpg 201w, https:\/\/blog.pierreeliedepibrac.com\/wp-content\/uploads\/2023\/09\/Affiche-Musee-Guimet-BD.jpg 759w\" sizes=\"(max-width: 685px) 100vw, 685px\" \/><\/a><\/figure><\/div>\n\n\n<p><strong><a href=\"http:\/\/www.pierreeliedepibrac.com\">www.pierreeliedepibrac.com<\/a><\/strong><\/p>\n\n\n\n<p><strong>Instagram<\/strong> :<a href=\"https:\/\/www.instagram.com\/depibrac\/?hl=fr\" data-type=\"link\" data-id=\"https:\/\/www.instagram.com\/depibrac\/?hl=fr\"> I Follow !<\/a><\/p>\n","protected":false},"excerpt":{"rendered":"<p>Je suis tr\u00e8s heureux de vous annoncer ma nouvelle exposition Portrait \u00e9ph\u00e9m\u00e8re du Japon au Mus\u00e9e National des Arts Asiatiques Guimet du 20 septembre 2023 au 15 janvier 2024. Vous y retrouverez un tr\u00e8s grand nombres d&rsquo;oeuvres de mon projet Hakanai Sonzai r\u00e9alis\u00e9 au Japon pendant 8 mois en totale immersion en 2020. Michel Poivert, [&hellip;]<\/p>\n","protected":false},"author":1,"featured_media":0,"comment_status":"open","ping_status":"open","sticky":false,"template":"","format":"standard","meta":{"footnotes":""},"categories":[59,47,1],"tags":[194,1430,125,1428,1340,1242,1396,1429,470,9,195,539],"_links":{"self":[{"href":"https:\/\/blog.pierreeliedepibrac.com\/index.php?rest_route=\/wp\/v2\/posts\/4008"}],"collection":[{"href":"https:\/\/blog.pierreeliedepibrac.com\/index.php?rest_route=\/wp\/v2\/posts"}],"about":[{"href":"https:\/\/blog.pierreeliedepibrac.com\/index.php?rest_route=\/wp\/v2\/types\/post"}],"author":[{"embeddable":true,"href":"https:\/\/blog.pierreeliedepibrac.com\/index.php?rest_route=\/wp\/v2\/users\/1"}],"replies":[{"embeddable":true,"href":"https:\/\/blog.pierreeliedepibrac.com\/index.php?rest_route=%2Fwp%2Fv2%2Fcomments&post=4008"}],"version-history":[{"count":3,"href":"https:\/\/blog.pierreeliedepibrac.com\/index.php?rest_route=\/wp\/v2\/posts\/4008\/revisions"}],"predecessor-version":[{"id":4012,"href":"https:\/\/blog.pierreeliedepibrac.com\/index.php?rest_route=\/wp\/v2\/posts\/4008\/revisions\/4012"}],"wp:attachment":[{"href":"https:\/\/blog.pierreeliedepibrac.com\/index.php?rest_route=%2Fwp%2Fv2%2Fmedia&parent=4008"}],"wp:term":[{"taxonomy":"category","embeddable":true,"href":"https:\/\/blog.pierreeliedepibrac.com\/index.php?rest_route=%2Fwp%2Fv2%2Fcategories&post=4008"},{"taxonomy":"post_tag","embeddable":true,"href":"https:\/\/blog.pierreeliedepibrac.com\/index.php?rest_route=%2Fwp%2Fv2%2Ftags&post=4008"}],"curies":[{"name":"wp","href":"https:\/\/api.w.org\/{rel}","templated":true}]}}